{"id":358,"date":"2022-07-14T12:32:48","date_gmt":"2022-07-14T10:32:48","guid":{"rendered":"https:\/\/shift-f3.com\/?p=358"},"modified":"2025-09-24T18:09:00","modified_gmt":"2025-09-24T16:09:00","slug":"kleiner-relaunch-fuer-das-mobilzentrum","status":"publish","type":"post","link":"https:\/\/shift-f3.com\/index.php\/2022\/07\/14\/kleiner-relaunch-fuer-das-mobilzentrum\/","title":{"rendered":"Kleiner Relaunch f\u00fcr das Mobilzentrum"},"content":{"rendered":"\n<h2 class=\"wp-block-heading\">Das Mobilzentrum ist eine au\u00dfergew\u00f6hnliche Werkstatt in K\u00fcnzell.<\/h2>\n\n\n\n<p>Wieso au\u00dfergew\u00f6hnlich? Da es hier nicht blo\u00df um die allgemeinen Reparaturleistungen geht, sondern ebenfalls und vor Allem um Senioren- und behindertengerechte Fahrzeugumbauten, Umbauten und Reparaturen f\u00fcr Fahrschulen, sowie Sonderfahrzeuge aller Art.<\/p>\n\n\n\n<p>Und f\u00fcr eben diese durften wir einen kleinen Relaunch Ihrer Gesch\u00e4ftsausstattung und der Website vornehmen.<\/p>\n\n\n\n<p><\/p>\n\n\n\n<figure class=\"wp-block-image size-full\"><img loading=\"lazy\" decoding=\"async\" width=\"3500\" height=\"2625\" src=\"https:\/\/shift-f3.com\/wp-content\/uploads\/2022\/07\/mobilzentrum-mockup.jpg\" alt=\"\" class=\"wp-image-359\"\/><\/figure>\n\n\n\n<figure class=\"wp-block-image size-full is-resized\"><img loading=\"lazy\" decoding=\"async\" src=\"https:\/\/shift-f3.com\/wp-content\/uploads\/2022\/07\/das_mobilzentrum.jpg\" alt=\"Das Mobilzentrum Website Mockup\" class=\"wp-image-57\" width=\"825\" height=\"561\"\/><\/figure>\n\n\n\n<p>Und hier geht&#8217;s zur <a href=\"https:\/\/das-mobilzentrum.com\/\">Website \u2192 klick<\/a><\/p>\n\n\n\n<figure class=\"wp-block-gallery has-nested-images columns-default is-cropped wp-block-gallery-1 is-layout-flex wp-block-gallery-is-layout-flex\">\n<figure class=\"wp-block-image size-large\"><img loading=\"lazy\" decoding=\"async\" width=\"2000\" height=\"2000\" data-id=\"364\" src=\"https:\/\/shift-f3.com\/wp-content\/uploads\/2022\/07\/flyerMobilzentrum.png\" alt=\"\" class=\"wp-image-364\"\/><\/figure>\n\n\n\n<figure class=\"wp-block-image size-large\"><img loading=\"lazy\" decoding=\"async\" width=\"2000\" height=\"2000\" data-id=\"365\" src=\"https:\/\/shift-f3.com\/wp-content\/uploads\/2022\/07\/flyerMobilzentrum3.png\" alt=\"\" class=\"wp-image-365\"\/><\/figure>\n\n\n\n<figure class=\"wp-block-image size-large\"><img loading=\"lazy\" decoding=\"async\" width=\"2000\" height=\"2000\" data-id=\"363\" src=\"https:\/\/shift-f3.com\/wp-content\/uploads\/2022\/07\/flyerMobilzentrum2.png\" alt=\"\" class=\"wp-image-363\"\/><\/figure>\n<\/figure>\n\n\n\n<p><\/p>\n\n\n\n<p>Das zweite Hammerprojekt gemeinsam mit dem Mobilzentrum war das Design Ihres neuen Werkstatt-Ersatzwagens. Den bekommt Ihr, wenn Ihr Euer Auto l\u00e4nger dort lassen m\u00fcsst. Auff\u00e4llig sollte es werden. Wir denken das haben wir geschafft, oder? \ud83d\ude09<\/p>\n\n\n\n<p><\/p>\n\n\n\n<figure class=\"wp-block-gallery has-nested-images columns-default is-cropped wp-block-gallery-2 is-layout-flex wp-block-gallery-is-layout-flex\">\n<figure class=\"wp-block-image size-large\"><img loading=\"lazy\" decoding=\"async\" width=\"960\" height=\"1032\" data-id=\"370\" src=\"https:\/\/shift-f3.com\/wp-content\/uploads\/2022\/07\/final-3.jpg\" alt=\"\" class=\"wp-image-370\"\/><\/figure>\n\n\n\n<figure class=\"wp-block-image size-large\"><img loading=\"lazy\" decoding=\"async\" width=\"1280\" height=\"960\" data-id=\"369\" src=\"https:\/\/shift-f3.com\/wp-content\/uploads\/2022\/07\/final-2.jpg\" alt=\"\" class=\"wp-image-369\"\/><\/figure>\n\n\n\n<figure class=\"wp-block-image size-large\"><img loading=\"lazy\" decoding=\"async\" width=\"960\" height=\"848\" data-id=\"371\" src=\"https:\/\/shift-f3.com\/wp-content\/uploads\/2022\/07\/final-5.jpg\" alt=\"\" class=\"wp-image-371\"\/><\/figure>\n\n\n\n<figure class=\"wp-block-image size-large\"><img loading=\"lazy\" decoding=\"async\" width=\"1280\" height=\"570\" data-id=\"368\" src=\"https:\/\/shift-f3.com\/wp-content\/uploads\/2022\/07\/final-1.jpg\" alt=\"\" class=\"wp-image-368\"\/><\/figure>\n\n\n\n<figure class=\"wp-block-image size-large\"><img loading=\"lazy\" decoding=\"async\" width=\"1280\" height=\"534\" data-id=\"367\" src=\"https:\/\/shift-f3.com\/wp-content\/uploads\/2022\/07\/final-4.jpg\" alt=\"\" class=\"wp-image-367\"\/><\/figure>\n<\/figure>\n","protected":false},"excerpt":{"rendered":"<p>Das Mobilzentrum ist eine au\u00dfergew\u00f6hnliche Werkstatt in K\u00fcnzell. Wieso au\u00dfergew\u00f6hnlich? Da es hier nicht blo\u00df um die allgemeinen Reparaturleistungen geht, sondern ebenfalls und vor Allem um Senioren- und behindertengerechte Fahrzeugumbauten, Umbauten und Reparaturen f\u00fcr Fahrschulen, sowie Sonderfahrzeuge aller Art. Und f\u00fcr eben diese durften wir einen kleinen Relaunch Ihrer Gesch\u00e4ftsausstattung und der Website vornehmen. Und [&hellip;]<\/p>\n","protected":false},"author":1,"featured_media":360,"comment_status":"closed","ping_status":"closed","sticky":false,"template":"","format":"standard","meta":{"_et_pb_use_builder":"off","_et_pb_old_content":"","_et_gb_content_width":"","footnotes":""},"categories":[1],"tags":[],"class_list":["post-358","post","type-post","status-publish","format-standard","has-post-thumbnail","hentry","category-allgemein"],"yoast_head":"<!-- This site is optimized with the Yoast SEO plugin v27.5 - https:\/\/yoast.com\/product\/yoast-seo-wordpress\/ -->\n<title>Kleiner Relaunch f\u00fcr das Mobilzentrum - shift-f3 \/\/ fullservice werbeagentur<\/title>\n<meta name=\"robots\" content=\"index, follow, max-snippet:-1, max-image-preview:large, max-video-preview:-1\" \/>\n<link rel=\"canonical\" href=\"https:\/\/shift-f3.com\/index.php\/2022\/07\/14\/kleiner-relaunch-fuer-das-mobilzentrum\/\" \/>\n<meta property=\"og:locale\" content=\"de_DE\" \/>\n<meta property=\"og:type\" content=\"article\" \/>\n<meta property=\"og:title\" content=\"Kleiner Relaunch f\u00fcr das Mobilzentrum - shift-f3 \/\/ fullservice werbeagentur\" \/>\n<meta property=\"og:description\" content=\"Das Mobilzentrum ist eine au\u00dfergew\u00f6hnliche Werkstatt in K\u00fcnzell. Wieso au\u00dfergew\u00f6hnlich? Da es hier nicht blo\u00df um die allgemeinen Reparaturleistungen geht, sondern ebenfalls und vor Allem um Senioren- und behindertengerechte Fahrzeugumbauten, Umbauten und Reparaturen f\u00fcr Fahrschulen, sowie Sonderfahrzeuge aller Art. Und f\u00fcr eben diese durften wir einen kleinen Relaunch Ihrer Gesch\u00e4ftsausstattung und der Website vornehmen. Und [&hellip;]\" \/>\n<meta property=\"og:url\" content=\"https:\/\/shift-f3.com\/index.php\/2022\/07\/14\/kleiner-relaunch-fuer-das-mobilzentrum\/\" \/>\n<meta property=\"og:site_name\" content=\"shift-f3 \/\/ fullservice werbeagentur\" \/>\n<meta property=\"article:publisher\" content=\"https:\/\/www.facebook.com\/Shift-f3-103609687653356\" \/>\n<meta property=\"article:published_time\" content=\"2022-07-14T10:32:48+00:00\" \/>\n<meta property=\"article:modified_time\" content=\"2025-09-24T16:09:00+00:00\" \/>\n<meta property=\"og:image\" content=\"https:\/\/shift-f3.com\/wp-content\/uploads\/2022\/07\/visitenkartenMobilzentrum.png\" \/>\n\t<meta property=\"og:image:width\" content=\"2000\" \/>\n\t<meta property=\"og:image:height\" content=\"2000\" \/>\n\t<meta property=\"og:image:type\" content=\"image\/png\" \/>\n<meta name=\"author\" content=\"shift-f3-admin\" \/>\n<meta name=\"twitter:card\" content=\"summary_large_image\" \/>\n<meta name=\"twitter:label1\" content=\"Verfasst von\" \/>\n\t<meta name=\"twitter:data1\" content=\"shift-f3-admin\" \/>\n\t<meta name=\"twitter:label2\" content=\"Gesch\u00e4tzte Lesezeit\" \/>\n\t<meta name=\"twitter:data2\" content=\"3\u00a0Minuten\" \/>\n<script type=\"application\/ld+json\" class=\"yoast-schema-graph\">{\"@context\":\"https:\\\/\\\/schema.org\",\"@graph\":[{\"@type\":\"Article\",\"@id\":\"https:\\\/\\\/shift-f3.com\\\/index.php\\\/2022\\\/07\\\/14\\\/kleiner-relaunch-fuer-das-mobilzentrum\\\/#article\",\"isPartOf\":{\"@id\":\"https:\\\/\\\/shift-f3.com\\\/index.php\\\/2022\\\/07\\\/14\\\/kleiner-relaunch-fuer-das-mobilzentrum\\\/\"},\"author\":{\"name\":\"shift-f3-admin\",\"@id\":\"https:\\\/\\\/shift-f3.com\\\/#\\\/schema\\\/person\\\/902c04237cdc7110efbad781657b003a\"},\"headline\":\"Kleiner Relaunch f\u00fcr das Mobilzentrum\",\"datePublished\":\"2022-07-14T10:32:48+00:00\",\"dateModified\":\"2025-09-24T16:09:00+00:00\",\"mainEntityOfPage\":{\"@id\":\"https:\\\/\\\/shift-f3.com\\\/index.php\\\/2022\\\/07\\\/14\\\/kleiner-relaunch-fuer-das-mobilzentrum\\\/\"},\"wordCount\":113,\"publisher\":{\"@id\":\"https:\\\/\\\/shift-f3.com\\\/#organization\"},\"image\":{\"@id\":\"https:\\\/\\\/shift-f3.com\\\/index.php\\\/2022\\\/07\\\/14\\\/kleiner-relaunch-fuer-das-mobilzentrum\\\/#primaryimage\"},\"thumbnailUrl\":\"https:\\\/\\\/shift-f3.com\\\/wp-content\\\/uploads\\\/2022\\\/07\\\/visitenkartenMobilzentrum.png\",\"inLanguage\":\"de\"},{\"@type\":\"WebPage\",\"@id\":\"https:\\\/\\\/shift-f3.com\\\/index.php\\\/2022\\\/07\\\/14\\\/kleiner-relaunch-fuer-das-mobilzentrum\\\/\",\"url\":\"https:\\\/\\\/shift-f3.com\\\/index.php\\\/2022\\\/07\\\/14\\\/kleiner-relaunch-fuer-das-mobilzentrum\\\/\",\"name\":\"Kleiner Relaunch f\u00fcr das Mobilzentrum - shift-f3 \\\/\\\/ fullservice werbeagentur\",\"isPartOf\":{\"@id\":\"https:\\\/\\\/shift-f3.com\\\/#website\"},\"primaryImageOfPage\":{\"@id\":\"https:\\\/\\\/shift-f3.com\\\/index.php\\\/2022\\\/07\\\/14\\\/kleiner-relaunch-fuer-das-mobilzentrum\\\/#primaryimage\"},\"image\":{\"@id\":\"https:\\\/\\\/shift-f3.com\\\/index.php\\\/2022\\\/07\\\/14\\\/kleiner-relaunch-fuer-das-mobilzentrum\\\/#primaryimage\"},\"thumbnailUrl\":\"https:\\\/\\\/shift-f3.com\\\/wp-content\\\/uploads\\\/2022\\\/07\\\/visitenkartenMobilzentrum.png\",\"datePublished\":\"2022-07-14T10:32:48+00:00\",\"dateModified\":\"2025-09-24T16:09:00+00:00\",\"breadcrumb\":{\"@id\":\"https:\\\/\\\/shift-f3.com\\\/index.php\\\/2022\\\/07\\\/14\\\/kleiner-relaunch-fuer-das-mobilzentrum\\\/#breadcrumb\"},\"inLanguage\":\"de\",\"potentialAction\":[{\"@type\":\"ReadAction\",\"target\":[\"https:\\\/\\\/shift-f3.com\\\/index.php\\\/2022\\\/07\\\/14\\\/kleiner-relaunch-fuer-das-mobilzentrum\\\/\"]}]},{\"@type\":\"ImageObject\",\"inLanguage\":\"de\",\"@id\":\"https:\\\/\\\/shift-f3.com\\\/index.php\\\/2022\\\/07\\\/14\\\/kleiner-relaunch-fuer-das-mobilzentrum\\\/#primaryimage\",\"url\":\"https:\\\/\\\/shift-f3.com\\\/wp-content\\\/uploads\\\/2022\\\/07\\\/visitenkartenMobilzentrum.png\",\"contentUrl\":\"https:\\\/\\\/shift-f3.com\\\/wp-content\\\/uploads\\\/2022\\\/07\\\/visitenkartenMobilzentrum.png\",\"width\":2000,\"height\":2000,\"caption\":\"Das Mobilzentrum Visitenkarten\"},{\"@type\":\"BreadcrumbList\",\"@id\":\"https:\\\/\\\/shift-f3.com\\\/index.php\\\/2022\\\/07\\\/14\\\/kleiner-relaunch-fuer-das-mobilzentrum\\\/#breadcrumb\",\"itemListElement\":[{\"@type\":\"ListItem\",\"position\":1,\"name\":\"Startseite\",\"item\":\"https:\\\/\\\/shift-f3.com\\\/\"},{\"@type\":\"ListItem\",\"position\":2,\"name\":\"Kleiner Relaunch f\u00fcr das Mobilzentrum\"}]},{\"@type\":\"WebSite\",\"@id\":\"https:\\\/\\\/shift-f3.com\\\/#website\",\"url\":\"https:\\\/\\\/shift-f3.com\\\/\",\"name\":\"shift-f3 \\\/\\\/ fullservice werbeagentur\",\"description\":\"web- und grafikdesign in und aus fulda\",\"publisher\":{\"@id\":\"https:\\\/\\\/shift-f3.com\\\/#organization\"},\"potentialAction\":[{\"@type\":\"SearchAction\",\"target\":{\"@type\":\"EntryPoint\",\"urlTemplate\":\"https:\\\/\\\/shift-f3.com\\\/?s={search_term_string}\"},\"query-input\":{\"@type\":\"PropertyValueSpecification\",\"valueRequired\":true,\"valueName\":\"search_term_string\"}}],\"inLanguage\":\"de\"},{\"@type\":\"Organization\",\"@id\":\"https:\\\/\\\/shift-f3.com\\\/#organization\",\"name\":\"shift-f3 \\\/ fullservice werbeagentur aus fulda\",\"url\":\"https:\\\/\\\/shift-f3.com\\\/\",\"logo\":{\"@type\":\"ImageObject\",\"inLanguage\":\"de\",\"@id\":\"https:\\\/\\\/shift-f3.com\\\/#\\\/schema\\\/logo\\\/image\\\/\",\"url\":\"https:\\\/\\\/shift-f3.com\\\/wp-content\\\/uploads\\\/2022\\\/07\\\/ogimage.png\",\"contentUrl\":\"https:\\\/\\\/shift-f3.com\\\/wp-content\\\/uploads\\\/2022\\\/07\\\/ogimage.png\",\"width\":2040,\"height\":1071,\"caption\":\"shift-f3 \\\/ fullservice werbeagentur aus fulda\"},\"image\":{\"@id\":\"https:\\\/\\\/shift-f3.com\\\/#\\\/schema\\\/logo\\\/image\\\/\"},\"sameAs\":[\"https:\\\/\\\/www.facebook.com\\\/Shift-f3-103609687653356\",\"https:\\\/\\\/www.instagram.com\\\/shiftf3_agentur\\\/\"]},{\"@type\":\"Person\",\"@id\":\"https:\\\/\\\/shift-f3.com\\\/#\\\/schema\\\/person\\\/902c04237cdc7110efbad781657b003a\",\"name\":\"shift-f3-admin\",\"sameAs\":[\"https:\\\/\\\/shift-f3.com\"],\"url\":\"https:\\\/\\\/shift-f3.com\\\/index.php\\\/author\\\/shift-f3-admin\\\/\"}]}<\/script>\n<!-- \/ Yoast SEO plugin. -->","yoast_head_json":{"title":"Kleiner Relaunch f\u00fcr das Mobilzentrum - shift-f3 \/\/ fullservice werbeagentur","robots":{"index":"index","follow":"follow","max-snippet":"max-snippet:-1","max-image-preview":"max-image-preview:large","max-video-preview":"max-video-preview:-1"},"canonical":"https:\/\/shift-f3.com\/index.php\/2022\/07\/14\/kleiner-relaunch-fuer-das-mobilzentrum\/","og_locale":"de_DE","og_type":"article","og_title":"Kleiner Relaunch f\u00fcr das Mobilzentrum - shift-f3 \/\/ fullservice werbeagentur","og_description":"Das Mobilzentrum ist eine au\u00dfergew\u00f6hnliche Werkstatt in K\u00fcnzell. Wieso au\u00dfergew\u00f6hnlich? Da es hier nicht blo\u00df um die allgemeinen Reparaturleistungen geht, sondern ebenfalls und vor Allem um Senioren- und behindertengerechte Fahrzeugumbauten, Umbauten und Reparaturen f\u00fcr Fahrschulen, sowie Sonderfahrzeuge aller Art. Und f\u00fcr eben diese durften wir einen kleinen Relaunch Ihrer Gesch\u00e4ftsausstattung und der Website vornehmen. Und [&hellip;]","og_url":"https:\/\/shift-f3.com\/index.php\/2022\/07\/14\/kleiner-relaunch-fuer-das-mobilzentrum\/","og_site_name":"shift-f3 \/\/ fullservice werbeagentur","article_publisher":"https:\/\/www.facebook.com\/Shift-f3-103609687653356","article_published_time":"2022-07-14T10:32:48+00:00","article_modified_time":"2025-09-24T16:09:00+00:00","og_image":[{"width":2000,"height":2000,"url":"https:\/\/shift-f3.com\/wp-content\/uploads\/2022\/07\/visitenkartenMobilzentrum.png","type":"image\/png"}],"author":"shift-f3-admin","twitter_card":"summary_large_image","twitter_misc":{"Verfasst von":"shift-f3-admin","Gesch\u00e4tzte Lesezeit":"3\u00a0Minuten"},"schema":{"@context":"https:\/\/schema.org","@graph":[{"@type":"Article","@id":"https:\/\/shift-f3.com\/index.php\/2022\/07\/14\/kleiner-relaunch-fuer-das-mobilzentrum\/#article","isPartOf":{"@id":"https:\/\/shift-f3.com\/index.php\/2022\/07\/14\/kleiner-relaunch-fuer-das-mobilzentrum\/"},"author":{"name":"shift-f3-admin","@id":"https:\/\/shift-f3.com\/#\/schema\/person\/902c04237cdc7110efbad781657b003a"},"headline":"Kleiner Relaunch f\u00fcr das Mobilzentrum","datePublished":"2022-07-14T10:32:48+00:00","dateModified":"2025-09-24T16:09:00+00:00","mainEntityOfPage":{"@id":"https:\/\/shift-f3.com\/index.php\/2022\/07\/14\/kleiner-relaunch-fuer-das-mobilzentrum\/"},"wordCount":113,"publisher":{"@id":"https:\/\/shift-f3.com\/#organization"},"image":{"@id":"https:\/\/shift-f3.com\/index.php\/2022\/07\/14\/kleiner-relaunch-fuer-das-mobilzentrum\/#primaryimage"},"thumbnailUrl":"https:\/\/shift-f3.com\/wp-content\/uploads\/2022\/07\/visitenkartenMobilzentrum.png","inLanguage":"de"},{"@type":"WebPage","@id":"https:\/\/shift-f3.com\/index.php\/2022\/07\/14\/kleiner-relaunch-fuer-das-mobilzentrum\/","url":"https:\/\/shift-f3.com\/index.php\/2022\/07\/14\/kleiner-relaunch-fuer-das-mobilzentrum\/","name":"Kleiner Relaunch f\u00fcr das Mobilzentrum - shift-f3 \/\/ fullservice werbeagentur","isPartOf":{"@id":"https:\/\/shift-f3.com\/#website"},"primaryImageOfPage":{"@id":"https:\/\/shift-f3.com\/index.php\/2022\/07\/14\/kleiner-relaunch-fuer-das-mobilzentrum\/#primaryimage"},"image":{"@id":"https:\/\/shift-f3.com\/index.php\/2022\/07\/14\/kleiner-relaunch-fuer-das-mobilzentrum\/#primaryimage"},"thumbnailUrl":"https:\/\/shift-f3.com\/wp-content\/uploads\/2022\/07\/visitenkartenMobilzentrum.png","datePublished":"2022-07-14T10:32:48+00:00","dateModified":"2025-09-24T16:09:00+00:00","breadcrumb":{"@id":"https:\/\/shift-f3.com\/index.php\/2022\/07\/14\/kleiner-relaunch-fuer-das-mobilzentrum\/#breadcrumb"},"inLanguage":"de","potentialAction":[{"@type":"ReadAction","target":["https:\/\/shift-f3.com\/index.php\/2022\/07\/14\/kleiner-relaunch-fuer-das-mobilzentrum\/"]}]},{"@type":"ImageObject","inLanguage":"de","@id":"https:\/\/shift-f3.com\/index.php\/2022\/07\/14\/kleiner-relaunch-fuer-das-mobilzentrum\/#primaryimage","url":"https:\/\/shift-f3.com\/wp-content\/uploads\/2022\/07\/visitenkartenMobilzentrum.png","contentUrl":"https:\/\/shift-f3.com\/wp-content\/uploads\/2022\/07\/visitenkartenMobilzentrum.png","width":2000,"height":2000,"caption":"Das Mobilzentrum Visitenkarten"},{"@type":"BreadcrumbList","@id":"https:\/\/shift-f3.com\/index.php\/2022\/07\/14\/kleiner-relaunch-fuer-das-mobilzentrum\/#breadcrumb","itemListElement":[{"@type":"ListItem","position":1,"name":"Startseite","item":"https:\/\/shift-f3.com\/"},{"@type":"ListItem","position":2,"name":"Kleiner Relaunch f\u00fcr das Mobilzentrum"}]},{"@type":"WebSite","@id":"https:\/\/shift-f3.com\/#website","url":"https:\/\/shift-f3.com\/","name":"shift-f3 \/\/ fullservice werbeagentur","description":"web- und grafikdesign in und aus fulda","publisher":{"@id":"https:\/\/shift-f3.com\/#organization"},"potentialAction":[{"@type":"SearchAction","target":{"@type":"EntryPoint","urlTemplate":"https:\/\/shift-f3.com\/?s={search_term_string}"},"query-input":{"@type":"PropertyValueSpecification","valueRequired":true,"valueName":"search_term_string"}}],"inLanguage":"de"},{"@type":"Organization","@id":"https:\/\/shift-f3.com\/#organization","name":"shift-f3 \/ fullservice werbeagentur aus fulda","url":"https:\/\/shift-f3.com\/","logo":{"@type":"ImageObject","inLanguage":"de","@id":"https:\/\/shift-f3.com\/#\/schema\/logo\/image\/","url":"https:\/\/shift-f3.com\/wp-content\/uploads\/2022\/07\/ogimage.png","contentUrl":"https:\/\/shift-f3.com\/wp-content\/uploads\/2022\/07\/ogimage.png","width":2040,"height":1071,"caption":"shift-f3 \/ fullservice werbeagentur aus fulda"},"image":{"@id":"https:\/\/shift-f3.com\/#\/schema\/logo\/image\/"},"sameAs":["https:\/\/www.facebook.com\/Shift-f3-103609687653356","https:\/\/www.instagram.com\/shiftf3_agentur\/"]},{"@type":"Person","@id":"https:\/\/shift-f3.com\/#\/schema\/person\/902c04237cdc7110efbad781657b003a","name":"shift-f3-admin","sameAs":["https:\/\/shift-f3.com"],"url":"https:\/\/shift-f3.com\/index.php\/author\/shift-f3-admin\/"}]}},"_links":{"self":[{"href":"https:\/\/shift-f3.com\/index.php\/wp-json\/wp\/v2\/posts\/358","targetHints":{"allow":["GET"]}}],"collection":[{"href":"https:\/\/shift-f3.com\/index.php\/wp-json\/wp\/v2\/posts"}],"about":[{"href":"https:\/\/shift-f3.com\/index.php\/wp-json\/wp\/v2\/types\/post"}],"author":[{"embeddable":true,"href":"https:\/\/shift-f3.com\/index.php\/wp-json\/wp\/v2\/users\/1"}],"replies":[{"embeddable":true,"href":"https:\/\/shift-f3.com\/index.php\/wp-json\/wp\/v2\/comments?post=358"}],"version-history":[{"count":6,"href":"https:\/\/shift-f3.com\/index.php\/wp-json\/wp\/v2\/posts\/358\/revisions"}],"predecessor-version":[{"id":600,"href":"https:\/\/shift-f3.com\/index.php\/wp-json\/wp\/v2\/posts\/358\/revisions\/600"}],"wp:featuredmedia":[{"embeddable":true,"href":"https:\/\/shift-f3.com\/index.php\/wp-json\/wp\/v2\/media\/360"}],"wp:attachment":[{"href":"https:\/\/shift-f3.com\/index.php\/wp-json\/wp\/v2\/media?parent=358"}],"wp:term":[{"taxonomy":"category","embeddable":true,"href":"https:\/\/shift-f3.com\/index.php\/wp-json\/wp\/v2\/categories?post=358"},{"taxonomy":"post_tag","embeddable":true,"href":"https:\/\/shift-f3.com\/index.php\/wp-json\/wp\/v2\/tags?post=358"}],"curies":[{"name":"wp","href":"https:\/\/api.w.org\/{rel}","templated":true}]}}